{"id":24158,"date":"2022-12-06T14:47:00","date_gmt":"2022-12-06T13:47:00","guid":{"rendered":"https:\/\/www.tekima.com\/nordamerikanische-maschinen-und-anlagenkonferenz-2023\/"},"modified":"2024-06-19T09:11:01","modified_gmt":"2024-06-19T08:11:01","slug":"nordamerikanische-maschinen-und-anlagenkonferenz-2023","status":"publish","type":"post","link":"https:\/\/www.tekima.com\/de\/nordamerikanische-maschinen-und-anlagenkonferenz-2023\/","title":{"rendered":"Nordamerikanische Maschinen- und Anlagenkonferenz 2023"},"content":{"rendered":"\n<p>Diese <strong>kostenlose<\/strong>, von <strong>Tekima<\/strong> organisierte Veranstaltung widmet sich den neuen ANSI-Normen und ihren Auswirkungen beim Bau von Industriemaschinen und -anlagen, die f\u00fcr die <strong>USA<\/strong> und <strong>Kanada<\/strong> sowohl in gew\u00f6hnlichen als auch in explosionsgef\u00e4hrdeten Bereichen bestimmt sind. Die <strong>rechtlichen Aspekte<\/strong> der Nichteinhaltung der Normen werden mit Hilfe eines spezialisierten Anwalts eingehend er\u00f6rtert, und es wird auf die Neuerungen eingegangen, die mit der neuen Ausgabe des <strong>NEC 2023<\/strong> und den <strong>Normen NFPA 79, UL 2011, UL 508A, NFPA 70E, CSA C22.2 Nr. 286 und CSA C22.1 (CE-Code)<\/strong> eingef\u00fchrt wurden. <strong>Lichtbogenschutztechniken<\/strong> und Design mit <strong>CAD\/CAE-Software<\/strong> werden besprochen. Tekima wird diese Themen gemeinsam mit <strong>internationalen Fachleuten<\/strong> und <strong>Spezialisten<\/strong> anhand <strong>von praktischen<\/strong> <strong>Fallbeispielen<\/strong> behandeln, z. B. Unterschiede in der Verdrahtung, Dimensionierung und korrekte Produktauswahl.<br><br> <strong><a href=\"https:\/\/www.youtube.com\/watch?v=OywvcOJpL8U&amp;t=1s\" target=\"_blank\" rel=\"noopener\">> Video-Trailer ansehen &lt;<\/a><\/strong><br><\/p>\n\n\n\n<p><strong><a href=\"https:\/\/events.tekima.com\/files\/Macchine-Impianti-Nordamerica-G2.pdf\" target=\"_blank\" rel=\"noreferrer noopener\">&gt; Das Poster durchbl\u00e4ttern &lt;<\/a><\/strong><\/p>\n\n\n\n<p><strong>Das Datum<\/strong> <br>18\/19* April 2023<\/p>\n\n\n\n<p><strong>Der Standort<\/strong> <br><a href=\"https:\/\/www.google.it\/maps\/place\/Hotel+Caesius+Terme+%26+Spa+Resort\/@45.504354,10.5756273,11z\/data=!4m5!3m4!1s0x4781ee0ba6e85adb:0x35c65069efba9bab!8m2!3d45.535021!4d10.727981?hl=it\" target=\"_blank\" rel=\"noreferrer noopener\"><strong>\u201cHotel Caesius Thermae &amp; SPA Resort\u201d<\/strong><\/a> <br>Via Peschiera 3 <br>37011 Bardolino (VR) <br>Italia<\/p>\n\n\n\n<p class=\"has-medium-font-size\"><strong><a href=\"https:\/\/www.tekima.com\/de\/veranstaltungen\/\" target=\"_blank\" rel=\"noreferrer noopener\">Jetzt anmelden!<\/a><\/strong><\/p>\n\n\n\n<p class=\"has-small-font-size\">*Am 19. April wird die Veranstaltung vom Vortag wiederholt.<br>Um sicherzustellen, dass alle wirklich interessierten Unternehmen teilnehmen k\u00f6nnen, musste die Organisation Regeln f\u00fcr die Zul\u00e4ssigkeit von Anmeldungen einf\u00fchren. Die Teilnahme kann denjenigen nicht garantiert werden, die in den vergangenen Ausgaben nicht erschienen sind, was offensichtlich diejenigen benachteiligt hat, die im Gegenteil wirklich interessiert waren.<\/p>\n","protected":false},"excerpt":{"rendered":"<p>Jetzt anmelden.<\/p>\n","protected":false},"author":2,"featured_media":24143,"comment_status":"closed","ping_status":"closed","sticky":false,"template":"","format":"standard","meta":{"kia_subtitle":"Jetzt anmelden.","footnotes":""},"categories":[78,73],"tags":[],"class_list":["post-24158","post","type-post","status-publish","format-standard","has-post-thumbnail","hentry","category-neuigkeiten-home","category-news-de"],"yoast_head":"<!-- This site is optimized with the Yoast SEO plugin v21.7 - https:\/\/yoast.com\/wordpress\/plugins\/seo\/ -->\n<title>Nordamerikanische Maschinen- und Anlagenkonferenz 2023 - Tekima<\/title>\n<meta name=\"robots\" content=\"index, follow, max-snippet:-1, max-image-preview:large, max-video-preview:-1\" \/>\n<link rel=\"canonical\" href=\"https:\/\/www.tekima.com\/de\/nordamerikanische-maschinen-und-anlagenkonferenz-2023\/\" \/>\n<meta property=\"og:locale\" content=\"de_DE\" \/>\n<meta property=\"og:type\" content=\"article\" \/>\n<meta property=\"og:title\" content=\"Nordamerikanische Maschinen- und Anlagenkonferenz 2023 - Tekima\" \/>\n<meta property=\"og:description\" content=\"Jetzt anmelden.\" \/>\n<meta property=\"og:url\" content=\"https:\/\/www.tekima.com\/de\/nordamerikanische-maschinen-und-anlagenkonferenz-2023\/\" \/>\n<meta property=\"og:site_name\" content=\"Tekima\" \/>\n<meta property=\"article:publisher\" content=\"https:\/\/www.facebook.com\/tekima.it\" \/>\n<meta property=\"article:published_time\" content=\"2022-12-06T13:47:00+00:00\" \/>\n<meta property=\"article:modified_time\" content=\"2024-06-19T08:11:01+00:00\" \/>\n<meta property=\"og:image\" content=\"https:\/\/www.tekima.com\/wp-content\/uploads\/2022\/12\/convegnoeng.jpg\" \/>\n\t<meta property=\"og:image:width\" content=\"517\" \/>\n\t<meta property=\"og:image:height\" content=\"341\" \/>\n\t<meta property=\"og:image:type\" content=\"image\/jpeg\" \/>\n<meta name=\"author\" content=\"Tekima\" \/>\n<meta name=\"twitter:card\" content=\"summary_large_image\" \/>\n<meta name=\"twitter:label1\" content=\"Verfasst von\" \/>\n\t<meta name=\"twitter:data1\" content=\"Tekima\" \/>\n\t<meta name=\"twitter:label2\" content=\"Gesch\u00e4tzte Lesezeit\" \/>\n\t<meta name=\"twitter:data2\" content=\"2\u00a0Minuten\" \/>\n<script type=\"application\/ld+json\" class=\"yoast-schema-graph\">{\"@context\":\"https:\/\/schema.org\",\"@graph\":[{\"@type\":\"Article\",\"@id\":\"https:\/\/www.tekima.com\/de\/nordamerikanische-maschinen-und-anlagenkonferenz-2023\/#article\",\"isPartOf\":{\"@id\":\"https:\/\/www.tekima.com\/de\/nordamerikanische-maschinen-und-anlagenkonferenz-2023\/\"},\"author\":{\"name\":\"Tekima\",\"@id\":\"https:\/\/www.tekima.com\/#\/schema\/person\/f1e7f33d016693d1fdb9c35d79f7c125\"},\"headline\":\"Nordamerikanische Maschinen- und Anlagenkonferenz 2023\",\"datePublished\":\"2022-12-06T13:47:00+00:00\",\"dateModified\":\"2024-06-19T08:11:01+00:00\",\"mainEntityOfPage\":{\"@id\":\"https:\/\/www.tekima.com\/de\/nordamerikanische-maschinen-und-anlagenkonferenz-2023\/\"},\"wordCount\":209,\"publisher\":{\"@id\":\"https:\/\/www.tekima.com\/#organization\"},\"articleSection\":[\"Neuigkeiten home\",\"News\"],\"inLanguage\":\"de\"},{\"@type\":\"WebPage\",\"@id\":\"https:\/\/www.tekima.com\/de\/nordamerikanische-maschinen-und-anlagenkonferenz-2023\/\",\"url\":\"https:\/\/www.tekima.com\/de\/nordamerikanische-maschinen-und-anlagenkonferenz-2023\/\",\"name\":\"Nordamerikanische Maschinen- und Anlagenkonferenz 2023 - Tekima\",\"isPartOf\":{\"@id\":\"https:\/\/www.tekima.com\/#website\"},\"datePublished\":\"2022-12-06T13:47:00+00:00\",\"dateModified\":\"2024-06-19T08:11:01+00:00\",\"breadcrumb\":{\"@id\":\"https:\/\/www.tekima.com\/de\/nordamerikanische-maschinen-und-anlagenkonferenz-2023\/#breadcrumb\"},\"inLanguage\":\"de\",\"potentialAction\":[{\"@type\":\"ReadAction\",\"target\":[\"https:\/\/www.tekima.com\/de\/nordamerikanische-maschinen-und-anlagenkonferenz-2023\/\"]}]},{\"@type\":\"BreadcrumbList\",\"@id\":\"https:\/\/www.tekima.com\/de\/nordamerikanische-maschinen-und-anlagenkonferenz-2023\/#breadcrumb\",\"itemListElement\":[{\"@type\":\"ListItem\",\"position\":1,\"name\":\"Home\",\"item\":\"https:\/\/www.tekima.com\/\"},{\"@type\":\"ListItem\",\"position\":2,\"name\":\"Nordamerikanische Maschinen- und Anlagenkonferenz 2023\"}]},{\"@type\":\"WebSite\",\"@id\":\"https:\/\/www.tekima.com\/#website\",\"url\":\"https:\/\/www.tekima.com\/\",\"name\":\"Tekima\",\"description\":\"\",\"publisher\":{\"@id\":\"https:\/\/www.tekima.com\/#organization\"},\"potentialAction\":[{\"@type\":\"SearchAction\",\"target\":{\"@type\":\"EntryPoint\",\"urlTemplate\":\"https:\/\/www.tekima.com\/?s={search_term_string}\"},\"query-input\":\"required name=search_term_string\"}],\"inLanguage\":\"de\"},{\"@type\":\"Organization\",\"@id\":\"https:\/\/www.tekima.com\/#organization\",\"name\":\"Tekima\",\"url\":\"https:\/\/www.tekima.com\/\",\"logo\":{\"@type\":\"ImageObject\",\"inLanguage\":\"de\",\"@id\":\"https:\/\/www.tekima.com\/#\/schema\/logo\/image\/\",\"url\":\"https:\/\/www.tekima.com\/wp-content\/uploads\/2019\/05\/logo400.png\",\"contentUrl\":\"https:\/\/www.tekima.com\/wp-content\/uploads\/2019\/05\/logo400.png\",\"width\":450,\"height\":94,\"caption\":\"Tekima\"},\"image\":{\"@id\":\"https:\/\/www.tekima.com\/#\/schema\/logo\/image\/\"},\"sameAs\":[\"https:\/\/www.facebook.com\/tekima.it\",\"https:\/\/www.linkedin.com\/company\/tekima\/\",\"https:\/\/www.youtube.com\/channel\/UC_coJiEqsdOHUGSsrNKRBZQ\"]},{\"@type\":\"Person\",\"@id\":\"https:\/\/www.tekima.com\/#\/schema\/person\/f1e7f33d016693d1fdb9c35d79f7c125\",\"name\":\"Tekima\",\"url\":\"https:\/\/www.tekima.com\/de\/author\/tekima\/\"}]}<\/script>\n<!-- \/ Yoast SEO plugin. -->","yoast_head_json":{"title":"Nordamerikanische Maschinen- und Anlagenkonferenz 2023 - Tekima","robots":{"index":"index","follow":"follow","max-snippet":"max-snippet:-1","max-image-preview":"max-image-preview:large","max-video-preview":"max-video-preview:-1"},"canonical":"https:\/\/www.tekima.com\/de\/nordamerikanische-maschinen-und-anlagenkonferenz-2023\/","og_locale":"de_DE","og_type":"article","og_title":"Nordamerikanische Maschinen- und Anlagenkonferenz 2023 - Tekima","og_description":"Jetzt anmelden.","og_url":"https:\/\/www.tekima.com\/de\/nordamerikanische-maschinen-und-anlagenkonferenz-2023\/","og_site_name":"Tekima","article_publisher":"https:\/\/www.facebook.com\/tekima.it","article_published_time":"2022-12-06T13:47:00+00:00","article_modified_time":"2024-06-19T08:11:01+00:00","og_image":[{"width":517,"height":341,"url":"https:\/\/www.tekima.com\/wp-content\/uploads\/2022\/12\/convegnoeng.jpg","type":"image\/jpeg"}],"author":"Tekima","twitter_card":"summary_large_image","twitter_misc":{"Verfasst von":"Tekima","Gesch\u00e4tzte Lesezeit":"2\u00a0Minuten"},"schema":{"@context":"https:\/\/schema.org","@graph":[{"@type":"Article","@id":"https:\/\/www.tekima.com\/de\/nordamerikanische-maschinen-und-anlagenkonferenz-2023\/#article","isPartOf":{"@id":"https:\/\/www.tekima.com\/de\/nordamerikanische-maschinen-und-anlagenkonferenz-2023\/"},"author":{"name":"Tekima","@id":"https:\/\/www.tekima.com\/#\/schema\/person\/f1e7f33d016693d1fdb9c35d79f7c125"},"headline":"Nordamerikanische Maschinen- und Anlagenkonferenz 2023","datePublished":"2022-12-06T13:47:00+00:00","dateModified":"2024-06-19T08:11:01+00:00","mainEntityOfPage":{"@id":"https:\/\/www.tekima.com\/de\/nordamerikanische-maschinen-und-anlagenkonferenz-2023\/"},"wordCount":209,"publisher":{"@id":"https:\/\/www.tekima.com\/#organization"},"articleSection":["Neuigkeiten home","News"],"inLanguage":"de"},{"@type":"WebPage","@id":"https:\/\/www.tekima.com\/de\/nordamerikanische-maschinen-und-anlagenkonferenz-2023\/","url":"https:\/\/www.tekima.com\/de\/nordamerikanische-maschinen-und-anlagenkonferenz-2023\/","name":"Nordamerikanische Maschinen- und Anlagenkonferenz 2023 - Tekima","isPartOf":{"@id":"https:\/\/www.tekima.com\/#website"},"datePublished":"2022-12-06T13:47:00+00:00","dateModified":"2024-06-19T08:11:01+00:00","breadcrumb":{"@id":"https:\/\/www.tekima.com\/de\/nordamerikanische-maschinen-und-anlagenkonferenz-2023\/#breadcrumb"},"inLanguage":"de","potentialAction":[{"@type":"ReadAction","target":["https:\/\/www.tekima.com\/de\/nordamerikanische-maschinen-und-anlagenkonferenz-2023\/"]}]},{"@type":"BreadcrumbList","@id":"https:\/\/www.tekima.com\/de\/nordamerikanische-maschinen-und-anlagenkonferenz-2023\/#breadcrumb","itemListElement":[{"@type":"ListItem","position":1,"name":"Home","item":"https:\/\/www.tekima.com\/"},{"@type":"ListItem","position":2,"name":"Nordamerikanische Maschinen- und Anlagenkonferenz 2023"}]},{"@type":"WebSite","@id":"https:\/\/www.tekima.com\/#website","url":"https:\/\/www.tekima.com\/","name":"Tekima","description":"","publisher":{"@id":"https:\/\/www.tekima.com\/#organization"},"potentialAction":[{"@type":"SearchAction","target":{"@type":"EntryPoint","urlTemplate":"https:\/\/www.tekima.com\/?s={search_term_string}"},"query-input":"required name=search_term_string"}],"inLanguage":"de"},{"@type":"Organization","@id":"https:\/\/www.tekima.com\/#organization","name":"Tekima","url":"https:\/\/www.tekima.com\/","logo":{"@type":"ImageObject","inLanguage":"de","@id":"https:\/\/www.tekima.com\/#\/schema\/logo\/image\/","url":"https:\/\/www.tekima.com\/wp-content\/uploads\/2019\/05\/logo400.png","contentUrl":"https:\/\/www.tekima.com\/wp-content\/uploads\/2019\/05\/logo400.png","width":450,"height":94,"caption":"Tekima"},"image":{"@id":"https:\/\/www.tekima.com\/#\/schema\/logo\/image\/"},"sameAs":["https:\/\/www.facebook.com\/tekima.it","https:\/\/www.linkedin.com\/company\/tekima\/","https:\/\/www.youtube.com\/channel\/UC_coJiEqsdOHUGSsrNKRBZQ"]},{"@type":"Person","@id":"https:\/\/www.tekima.com\/#\/schema\/person\/f1e7f33d016693d1fdb9c35d79f7c125","name":"Tekima","url":"https:\/\/www.tekima.com\/de\/author\/tekima\/"}]}},"_links":{"self":[{"href":"https:\/\/www.tekima.com\/de\/wp-json\/wp\/v2\/posts\/24158"}],"collection":[{"href":"https:\/\/www.tekima.com\/de\/wp-json\/wp\/v2\/posts"}],"about":[{"href":"https:\/\/www.tekima.com\/de\/wp-json\/wp\/v2\/types\/post"}],"author":[{"embeddable":true,"href":"https:\/\/www.tekima.com\/de\/wp-json\/wp\/v2\/users\/2"}],"replies":[{"embeddable":true,"href":"https:\/\/www.tekima.com\/de\/wp-json\/wp\/v2\/comments?post=24158"}],"version-history":[{"count":2,"href":"https:\/\/www.tekima.com\/de\/wp-json\/wp\/v2\/posts\/24158\/revisions"}],"predecessor-version":[{"id":24160,"href":"https:\/\/www.tekima.com\/de\/wp-json\/wp\/v2\/posts\/24158\/revisions\/24160"}],"wp:featuredmedia":[{"embeddable":true,"href":"https:\/\/www.tekima.com\/de\/wp-json\/wp\/v2\/media\/24143"}],"wp:attachment":[{"href":"https:\/\/www.tekima.com\/de\/wp-json\/wp\/v2\/media?parent=24158"}],"wp:term":[{"taxonomy":"category","embeddable":true,"href":"https:\/\/www.tekima.com\/de\/wp-json\/wp\/v2\/categories?post=24158"},{"taxonomy":"post_tag","embeddable":true,"href":"https:\/\/www.tekima.com\/de\/wp-json\/wp\/v2\/tags?post=24158"}],"curies":[{"name":"wp","href":"https:\/\/api.w.org\/{rel}","templated":true}]}}