{"id":7985,"date":"2016-12-19T15:12:39","date_gmt":"2016-12-19T15:12:39","guid":{"rendered":"https:\/\/www.tekima.com\/maschinen-und-anlagen-fur-nordamerika-2017-2\/"},"modified":"2019-05-13T15:13:55","modified_gmt":"2019-05-13T15:13:55","slug":"maschinen-und-anlagen-fur-nordamerika-2017-2","status":"publish","type":"post","link":"https:\/\/www.tekima.com\/de\/maschinen-und-anlagen-fur-nordamerika-2017-2\/","title":{"rendered":"Maschinen und Anlagen f\u00fcr Nordamerika 2017"},"content":{"rendered":"\n<p>Seit bereits 10 Jahren stellt unsere Veranstaltung \u201e<strong>Maschinen und Anlagen f\u00fcr Nordamerika<\/strong>\u201c den Referenzpunkt f\u00fcr die Betreiber im Bereich der Industrieautomation dar.&nbsp; Eine Gelegenheit, technische Fragen, sowie auch Regulierungsfragen und rechtliche Fragen in Bezug auf den Export mit dem Fokus auf Kanada und den USA zu analysieren und vertiefen.&nbsp; Bei der Fachtagung, die f\u00fcr den&nbsp;<strong>7.* Februar 2017<\/strong>&nbsp;geplant ist, werden wir uns auf die regulatorischen Anforderungen der UL-Normen 508a, NFPA 79, CSA C22.1 (CE Code), CSA C22.2 N.286 konzentrieren und insbesondere werden wir im Voraus die Neuigkeiten analysieren, die vom&nbsp;<strong>NEC 2017 \u201eNational Electrical Code\u201c<\/strong>&nbsp;eingef\u00fchrt wurden.<\/p>\n\n\n\n<p><strong>Das Tagungsprogramm.<\/strong> <br><strong>8:45 Uhr<\/strong>\u00a0Er\u00f6ffnung der Registrierung und Begr\u00fc\u00dfungskaffee. <br><strong>9:15 Uhr<\/strong>\u00a0Er\u00f6ffnung der Tagung und Einf\u00fchrung. <br><strong>9:40 Uhr<\/strong>\u00a0Die durch die neue Ausgabe des NEC 2017 \u201eNational Electrical Code\u201c eingef\u00fchrten Ver\u00e4nderungen und Anforderungen. Hauptunterschiede zwischen der neuen Ausgabe des NEC 2017, den Anforderungen des NEC 2014 und denen, die von der kanadischen CSA C22.1 (CE Code 2015) \u201eCanadian Electrical Code\u201c definiert sind. Vertiefungen: Vorschriften f\u00fcr die Maschinenoberfl\u00e4che, Unterschiede zwischen \u201ebuilding\u201c, \u201estructure\u201c und \u201eequipment\u201c; Anwendbarkeit der entsprechenden Normen NFPA 79 \u201eElectrical Standard for Industrial Machinery\u201c, NEC und CSA 22.1 (Canadian Electrical Code); Anforderungen f\u00fcr elektrische Schalttafeln durch die entsprechenden Normen CSA C22.2 Nr. 286 \u201eIndustrial Control Panels and Assemblies\u201c und UL 508A \u201eIndustrial Control Panels\u201c. Erkl\u00e4rungen und Vergleiche zwischen den G\u00fctezeichen f\u00fcr Produkte. Vertiefungen \u00fcber den Umgang mit dem Restrisiko und die Beziehung zwischen Gesetzgebung (OSHA) und Vorschriften (UL 508a, NEC, CSA C22.1, CSA C22.2 Nr. 286). <br><strong>12:45<\/strong>\u00a0<strong>Uhr<\/strong>\u00a0Pr\u00e4sentation von fachspezifischen Nachmittag-Workshops. <br><strong>12:50 Uhr<\/strong>\u00a0Mittagessen. <br><strong>14:00 Uhr<\/strong>\u00a0Technische Workshops. <br><strong>16:30 Uhr<\/strong>\u00a0Abschluss der Tagung und Verteilung der Memory Sticks mit den Tagungsunterlagen und der technischen Dokumentation. Bei dieser Gelegenheit werden Give-aways an 20 zuf\u00e4llig ausgew\u00e4hlte Teilnehmer gehen. <br><strong>17:30 Uhr<\/strong>\u00a0Abschluss der Tagung.<\/p>\n\n\n\n<p><strong>Der Tagungsort.<\/strong> <br>Genauso wie bei den Veranstaltungen der Vergangenheit ist der Tagungsort das \u201eHotel C\u00c6SIUS Therm\u00e6 SPA\u201c, Via Peschiera 1, 37011 Bardolino (Verona) \u2013 Italien. Autobahn Mailand-Venedig, Ausfahrt Peschiera del Garda (12 km vom Hotel C\u00e6sius Therm\u00e6 SPA), weiter nach Bardolino fahren, wenn man Cisano erreicht hat, weiter f\u00fcr ca. 200 m, das Hotel befindet sich auf der rechten Seite (ca. 15 Minuten). Autobahn Modena-Brenner, Ausfahrt Affi (Entfernung 7 km), weiter nach Cavaion fahren, dann Richtung Bardolino. Nachdem man Bardolino erreicht hat, am Kreisverkehr links in Richtung Lazise fahren, weiter f\u00fcr 2,5 km, das Hotel befindet sich auf linken Seite. Der Flughafen \u201eValerio Catullo\u201c in Verona Villafranca ist ca. 30 km entfernt und ist bequem \u00fcber die Autobahn A22 (Modena-Brenner) erreichbar. <a rel=\"noopener noreferrer\" href=\"https:\/\/www.google.it\/maps\/dir\/%27%27\/Hotel+C%C3%86SIUS+Therm%C3%A6+SPA%E2%80%9D,+Via+Peschiera,+1,+37011+Bardolino+%28Verona%29+-+Italia.\/@45.5349996,10.6579412,12z\/data=%213m1%214b1%214m8%214m7%211m0%211m5%211m1%211s0x4781ee0ba6e85adb:0x35c65069efba9bab%212m2%211d10.727981%212d45.535021\" target=\"_blank\">Klicken Sie hier, wenn Sie weitere Informationen \u00fcber das Ziel erhalten m\u00f6chten.<\/a><\/p>\n\n\n\n<p><strong>Wie Sie sich anmelden k\u00f6nnen.<\/strong> <br>Die Anmeldungen sind ausschlie\u00dflich online \u00fcber das Anmeldeformular m\u00f6glich, das \u00fcber unsere Webseite erreicht werden kann.\u00a0<a rel=\"noopener noreferrer\" href=\"https:\/\/www.tekima.it\/eventi\/\" target=\"_blank\">Klicken Sie hier<\/a>,\u00a0um zum Anmeldeformular zu gelangen.<\/p>\n\n\n\n<p>* Im Fall von einer \u00dcberzahl von Anmeldungen wird die eint\u00e4gige Tagung erneuert am 8. Februar 2016 stattfinden.<\/p>\n","protected":false},"excerpt":{"rendered":"<p>Seit bereits 10 Jahren stellt unsere Veranstaltung \u201eMaschinen und Anlagen f\u00fcr Nordamerika\u201c den Referenzpunkt f\u00fcr die Betreiber im Bereich der Industrieautomation dar.&nbsp; Eine Gelegenheit, technische Fragen, sowie auch Regulierungsfragen und rechtliche Fragen in Bezug auf den Export mit dem Fokus auf Kanada und den USA zu analysieren und vertiefen.&nbsp; Bei der Fachtagung, die f\u00fcr den&nbsp;7.* [&hellip;]<\/p>\n","protected":false},"author":1,"featured_media":7121,"comment_status":"open","ping_status":"open","sticky":false,"template":"","format":"standard","meta":{"kia_subtitle":"","footnotes":""},"categories":[73],"tags":[],"class_list":["post-7985","post","type-post","status-publish","format-standard","has-post-thumbnail","hentry","category-news-de"],"yoast_head":"<!-- This site is optimized with the Yoast SEO plugin v21.7 - https:\/\/yoast.com\/wordpress\/plugins\/seo\/ -->\n<title>Maschinen und Anlagen f\u00fcr Nordamerika 2017 - Tekima<\/title>\n<meta name=\"robots\" content=\"index, follow, max-snippet:-1, max-image-preview:large, max-video-preview:-1\" \/>\n<link rel=\"canonical\" href=\"https:\/\/www.tekima.com\/de\/maschinen-und-anlagen-fur-nordamerika-2017-2\/\" \/>\n<meta property=\"og:locale\" content=\"de_DE\" \/>\n<meta property=\"og:type\" content=\"article\" \/>\n<meta property=\"og:title\" content=\"Maschinen und Anlagen f\u00fcr Nordamerika 2017 - Tekima\" \/>\n<meta property=\"og:description\" content=\"Seit bereits 10 Jahren stellt unsere Veranstaltung \u201eMaschinen und Anlagen f\u00fcr Nordamerika\u201c den Referenzpunkt f\u00fcr die Betreiber im Bereich der Industrieautomation dar.&nbsp; Eine Gelegenheit, technische Fragen, sowie auch Regulierungsfragen und rechtliche Fragen in Bezug auf den Export mit dem Fokus auf Kanada und den USA zu analysieren und vertiefen.&nbsp; Bei der Fachtagung, die f\u00fcr den&nbsp;7.* [&hellip;]\" \/>\n<meta property=\"og:url\" content=\"https:\/\/www.tekima.com\/de\/maschinen-und-anlagen-fur-nordamerika-2017-2\/\" \/>\n<meta property=\"og:site_name\" content=\"Tekima\" \/>\n<meta property=\"article:publisher\" content=\"https:\/\/www.facebook.com\/tekima.it\" \/>\n<meta property=\"article:published_time\" content=\"2016-12-19T15:12:39+00:00\" \/>\n<meta property=\"article:modified_time\" content=\"2019-05-13T15:13:55+00:00\" \/>\n<meta property=\"og:image\" content=\"https:\/\/www.tekima.com\/wp-content\/uploads\/2019\/05\/convegno_2017_Mini.jpg\" \/>\n\t<meta property=\"og:image:width\" content=\"363\" \/>\n\t<meta property=\"og:image:height\" content=\"273\" \/>\n\t<meta property=\"og:image:type\" content=\"image\/jpeg\" \/>\n<meta name=\"author\" content=\"admin\" \/>\n<meta name=\"twitter:card\" content=\"summary_large_image\" \/>\n<meta name=\"twitter:label1\" content=\"Verfasst von\" \/>\n\t<meta name=\"twitter:data1\" content=\"admin\" \/>\n\t<meta name=\"twitter:label2\" content=\"Gesch\u00e4tzte Lesezeit\" \/>\n\t<meta name=\"twitter:data2\" content=\"2\u00a0Minuten\" \/>\n<script type=\"application\/ld+json\" class=\"yoast-schema-graph\">{\"@context\":\"https:\/\/schema.org\",\"@graph\":[{\"@type\":\"Article\",\"@id\":\"https:\/\/www.tekima.com\/de\/maschinen-und-anlagen-fur-nordamerika-2017-2\/#article\",\"isPartOf\":{\"@id\":\"https:\/\/www.tekima.com\/de\/maschinen-und-anlagen-fur-nordamerika-2017-2\/\"},\"author\":{\"name\":\"admin\",\"@id\":\"https:\/\/www.tekima.com\/#\/schema\/person\/80003a9c67286bc06c6a132900ca8e79\"},\"headline\":\"Maschinen und Anlagen f\u00fcr Nordamerika 2017\",\"datePublished\":\"2016-12-19T15:12:39+00:00\",\"dateModified\":\"2019-05-13T15:13:55+00:00\",\"mainEntityOfPage\":{\"@id\":\"https:\/\/www.tekima.com\/de\/maschinen-und-anlagen-fur-nordamerika-2017-2\/\"},\"wordCount\":476,\"commentCount\":0,\"publisher\":{\"@id\":\"https:\/\/www.tekima.com\/#organization\"},\"articleSection\":[\"News\"],\"inLanguage\":\"de\",\"potentialAction\":[{\"@type\":\"CommentAction\",\"name\":\"Comment\",\"target\":[\"https:\/\/www.tekima.com\/de\/maschinen-und-anlagen-fur-nordamerika-2017-2\/#respond\"]}]},{\"@type\":\"WebPage\",\"@id\":\"https:\/\/www.tekima.com\/de\/maschinen-und-anlagen-fur-nordamerika-2017-2\/\",\"url\":\"https:\/\/www.tekima.com\/de\/maschinen-und-anlagen-fur-nordamerika-2017-2\/\",\"name\":\"Maschinen und Anlagen f\u00fcr Nordamerika 2017 - Tekima\",\"isPartOf\":{\"@id\":\"https:\/\/www.tekima.com\/#website\"},\"datePublished\":\"2016-12-19T15:12:39+00:00\",\"dateModified\":\"2019-05-13T15:13:55+00:00\",\"breadcrumb\":{\"@id\":\"https:\/\/www.tekima.com\/de\/maschinen-und-anlagen-fur-nordamerika-2017-2\/#breadcrumb\"},\"inLanguage\":\"de\",\"potentialAction\":[{\"@type\":\"ReadAction\",\"target\":[\"https:\/\/www.tekima.com\/de\/maschinen-und-anlagen-fur-nordamerika-2017-2\/\"]}]},{\"@type\":\"BreadcrumbList\",\"@id\":\"https:\/\/www.tekima.com\/de\/maschinen-und-anlagen-fur-nordamerika-2017-2\/#breadcrumb\",\"itemListElement\":[{\"@type\":\"ListItem\",\"position\":1,\"name\":\"Home\",\"item\":\"https:\/\/www.tekima.com\/\"},{\"@type\":\"ListItem\",\"position\":2,\"name\":\"Maschinen und Anlagen f\u00fcr Nordamerika 2017\"}]},{\"@type\":\"WebSite\",\"@id\":\"https:\/\/www.tekima.com\/#website\",\"url\":\"https:\/\/www.tekima.com\/\",\"name\":\"Tekima\",\"description\":\"\",\"publisher\":{\"@id\":\"https:\/\/www.tekima.com\/#organization\"},\"potentialAction\":[{\"@type\":\"SearchAction\",\"target\":{\"@type\":\"EntryPoint\",\"urlTemplate\":\"https:\/\/www.tekima.com\/?s={search_term_string}\"},\"query-input\":\"required name=search_term_string\"}],\"inLanguage\":\"de\"},{\"@type\":\"Organization\",\"@id\":\"https:\/\/www.tekima.com\/#organization\",\"name\":\"Tekima\",\"url\":\"https:\/\/www.tekima.com\/\",\"logo\":{\"@type\":\"ImageObject\",\"inLanguage\":\"de\",\"@id\":\"https:\/\/www.tekima.com\/#\/schema\/logo\/image\/\",\"url\":\"https:\/\/www.tekima.com\/wp-content\/uploads\/2019\/05\/logo400.png\",\"contentUrl\":\"https:\/\/www.tekima.com\/wp-content\/uploads\/2019\/05\/logo400.png\",\"width\":450,\"height\":94,\"caption\":\"Tekima\"},\"image\":{\"@id\":\"https:\/\/www.tekima.com\/#\/schema\/logo\/image\/\"},\"sameAs\":[\"https:\/\/www.facebook.com\/tekima.it\",\"https:\/\/www.linkedin.com\/company\/tekima\/\",\"https:\/\/www.youtube.com\/channel\/UC_coJiEqsdOHUGSsrNKRBZQ\"]},{\"@type\":\"Person\",\"@id\":\"https:\/\/www.tekima.com\/#\/schema\/person\/80003a9c67286bc06c6a132900ca8e79\",\"name\":\"admin\",\"url\":\"https:\/\/www.tekima.com\/de\/author\/admin\/\"}]}<\/script>\n<!-- \/ Yoast SEO plugin. -->","yoast_head_json":{"title":"Maschinen und Anlagen f\u00fcr Nordamerika 2017 - Tekima","robots":{"index":"index","follow":"follow","max-snippet":"max-snippet:-1","max-image-preview":"max-image-preview:large","max-video-preview":"max-video-preview:-1"},"canonical":"https:\/\/www.tekima.com\/de\/maschinen-und-anlagen-fur-nordamerika-2017-2\/","og_locale":"de_DE","og_type":"article","og_title":"Maschinen und Anlagen f\u00fcr Nordamerika 2017 - Tekima","og_description":"Seit bereits 10 Jahren stellt unsere Veranstaltung \u201eMaschinen und Anlagen f\u00fcr Nordamerika\u201c den Referenzpunkt f\u00fcr die Betreiber im Bereich der Industrieautomation dar.&nbsp; Eine Gelegenheit, technische Fragen, sowie auch Regulierungsfragen und rechtliche Fragen in Bezug auf den Export mit dem Fokus auf Kanada und den USA zu analysieren und vertiefen.&nbsp; Bei der Fachtagung, die f\u00fcr den&nbsp;7.* [&hellip;]","og_url":"https:\/\/www.tekima.com\/de\/maschinen-und-anlagen-fur-nordamerika-2017-2\/","og_site_name":"Tekima","article_publisher":"https:\/\/www.facebook.com\/tekima.it","article_published_time":"2016-12-19T15:12:39+00:00","article_modified_time":"2019-05-13T15:13:55+00:00","og_image":[{"width":363,"height":273,"url":"https:\/\/www.tekima.com\/wp-content\/uploads\/2019\/05\/convegno_2017_Mini.jpg","type":"image\/jpeg"}],"author":"admin","twitter_card":"summary_large_image","twitter_misc":{"Verfasst von":"admin","Gesch\u00e4tzte Lesezeit":"2\u00a0Minuten"},"schema":{"@context":"https:\/\/schema.org","@graph":[{"@type":"Article","@id":"https:\/\/www.tekima.com\/de\/maschinen-und-anlagen-fur-nordamerika-2017-2\/#article","isPartOf":{"@id":"https:\/\/www.tekima.com\/de\/maschinen-und-anlagen-fur-nordamerika-2017-2\/"},"author":{"name":"admin","@id":"https:\/\/www.tekima.com\/#\/schema\/person\/80003a9c67286bc06c6a132900ca8e79"},"headline":"Maschinen und Anlagen f\u00fcr Nordamerika 2017","datePublished":"2016-12-19T15:12:39+00:00","dateModified":"2019-05-13T15:13:55+00:00","mainEntityOfPage":{"@id":"https:\/\/www.tekima.com\/de\/maschinen-und-anlagen-fur-nordamerika-2017-2\/"},"wordCount":476,"commentCount":0,"publisher":{"@id":"https:\/\/www.tekima.com\/#organization"},"articleSection":["News"],"inLanguage":"de","potentialAction":[{"@type":"CommentAction","name":"Comment","target":["https:\/\/www.tekima.com\/de\/maschinen-und-anlagen-fur-nordamerika-2017-2\/#respond"]}]},{"@type":"WebPage","@id":"https:\/\/www.tekima.com\/de\/maschinen-und-anlagen-fur-nordamerika-2017-2\/","url":"https:\/\/www.tekima.com\/de\/maschinen-und-anlagen-fur-nordamerika-2017-2\/","name":"Maschinen und Anlagen f\u00fcr Nordamerika 2017 - Tekima","isPartOf":{"@id":"https:\/\/www.tekima.com\/#website"},"datePublished":"2016-12-19T15:12:39+00:00","dateModified":"2019-05-13T15:13:55+00:00","breadcrumb":{"@id":"https:\/\/www.tekima.com\/de\/maschinen-und-anlagen-fur-nordamerika-2017-2\/#breadcrumb"},"inLanguage":"de","potentialAction":[{"@type":"ReadAction","target":["https:\/\/www.tekima.com\/de\/maschinen-und-anlagen-fur-nordamerika-2017-2\/"]}]},{"@type":"BreadcrumbList","@id":"https:\/\/www.tekima.com\/de\/maschinen-und-anlagen-fur-nordamerika-2017-2\/#breadcrumb","itemListElement":[{"@type":"ListItem","position":1,"name":"Home","item":"https:\/\/www.tekima.com\/"},{"@type":"ListItem","position":2,"name":"Maschinen und Anlagen f\u00fcr Nordamerika 2017"}]},{"@type":"WebSite","@id":"https:\/\/www.tekima.com\/#website","url":"https:\/\/www.tekima.com\/","name":"Tekima","description":"","publisher":{"@id":"https:\/\/www.tekima.com\/#organization"},"potentialAction":[{"@type":"SearchAction","target":{"@type":"EntryPoint","urlTemplate":"https:\/\/www.tekima.com\/?s={search_term_string}"},"query-input":"required name=search_term_string"}],"inLanguage":"de"},{"@type":"Organization","@id":"https:\/\/www.tekima.com\/#organization","name":"Tekima","url":"https:\/\/www.tekima.com\/","logo":{"@type":"ImageObject","inLanguage":"de","@id":"https:\/\/www.tekima.com\/#\/schema\/logo\/image\/","url":"https:\/\/www.tekima.com\/wp-content\/uploads\/2019\/05\/logo400.png","contentUrl":"https:\/\/www.tekima.com\/wp-content\/uploads\/2019\/05\/logo400.png","width":450,"height":94,"caption":"Tekima"},"image":{"@id":"https:\/\/www.tekima.com\/#\/schema\/logo\/image\/"},"sameAs":["https:\/\/www.facebook.com\/tekima.it","https:\/\/www.linkedin.com\/company\/tekima\/","https:\/\/www.youtube.com\/channel\/UC_coJiEqsdOHUGSsrNKRBZQ"]},{"@type":"Person","@id":"https:\/\/www.tekima.com\/#\/schema\/person\/80003a9c67286bc06c6a132900ca8e79","name":"admin","url":"https:\/\/www.tekima.com\/de\/author\/admin\/"}]}},"_links":{"self":[{"href":"https:\/\/www.tekima.com\/de\/wp-json\/wp\/v2\/posts\/7985"}],"collection":[{"href":"https:\/\/www.tekima.com\/de\/wp-json\/wp\/v2\/posts"}],"about":[{"href":"https:\/\/www.tekima.com\/de\/wp-json\/wp\/v2\/types\/post"}],"author":[{"embeddable":true,"href":"https:\/\/www.tekima.com\/de\/wp-json\/wp\/v2\/users\/1"}],"replies":[{"embeddable":true,"href":"https:\/\/www.tekima.com\/de\/wp-json\/wp\/v2\/comments?post=7985"}],"version-history":[{"count":2,"href":"https:\/\/www.tekima.com\/de\/wp-json\/wp\/v2\/posts\/7985\/revisions"}],"predecessor-version":[{"id":7987,"href":"https:\/\/www.tekima.com\/de\/wp-json\/wp\/v2\/posts\/7985\/revisions\/7987"}],"wp:featuredmedia":[{"embeddable":true,"href":"https:\/\/www.tekima.com\/de\/wp-json\/wp\/v2\/media\/7121"}],"wp:attachment":[{"href":"https:\/\/www.tekima.com\/de\/wp-json\/wp\/v2\/media?parent=7985"}],"wp:term":[{"taxonomy":"category","embeddable":true,"href":"https:\/\/www.tekima.com\/de\/wp-json\/wp\/v2\/categories?post=7985"},{"taxonomy":"post_tag","embeddable":true,"href":"https:\/\/www.tekima.com\/de\/wp-json\/wp\/v2\/tags?post=7985"}],"curies":[{"name":"wp","href":"https:\/\/api.w.org\/{rel}","templated":true}]}}