{"id":8355,"date":"2014-11-08T08:48:11","date_gmt":"2014-11-08T08:48:11","guid":{"rendered":"https:\/\/www.tekima.com\/maschinen-und-apparaturen-fur-nordamerika-im-jahre-2014\/"},"modified":"2019-05-17T08:49:39","modified_gmt":"2019-05-17T08:49:39","slug":"maschinen-und-apparaturen-fur-nordamerika-im-jahre-2014","status":"publish","type":"post","link":"https:\/\/www.tekima.com\/de\/maschinen-und-apparaturen-fur-nordamerika-im-jahre-2014\/","title":{"rendered":"Maschinen und Apparaturen f\u00fcr Nordamerika im Jahre 2014"},"content":{"rendered":"\t\t<div data-elementor-type=\"wp-post\" data-elementor-id=\"8355\" class=\"elementor elementor-8355 elementor-7042\" data-elementor-settings=\"[]\">\n\t\t\t\t\t\t<div class=\"elementor-inner\">\n\t\t\t\t\t\t\t<div class=\"elementor-section-wrap\">\n\t\t\t\t\t\t\t<section class=\"elementor-section elementor-top-section elementor-element elementor-element-3b678fa9 elementor-section-boxed elementor-section-height-default elementor-section-height-default default-style\" data-id=\"3b678fa9\" data-element_type=\"section\" data-settings=\"{&quot;rt_color_sets&quot;:&quot;default-style&quot;}\">\n\t\t\t\t\t\t<div class=\"elementor-container elementor-column-gap-default\">\n\t\t\t\t\t\t\t<div class=\"elementor-row\">\n\t\t\t\t\t<div class=\"elementor-column elementor-col-100 elementor-top-column elementor-element elementor-element-146842e3\" data-id=\"146842e3\" data-element_type=\"column\">\n\t\t\t<div class=\"elementor-column-wrap elementor-element-populated\">\n\t\t\t\t\t\t\t<div class=\"elementor-widget-wrap\">\n\t\t\t\t\t\t<div class=\"elementor-element elementor-element-77e43ce6 elementor-widget elementor-widget-text-editor\" data-id=\"77e43ce6\" data-element_type=\"widget\" data-widget_type=\"text-editor.default\">\n\t\t\t\t<div class=\"elementor-widget-container\">\n\t\t\t\t\t\t\t\t<div class=\"elementor-text-editor elementor-clearfix\">\n\t\t\t\t<p>Die Konferenz zum Thema\u00a0<strong>\u201cMaschinen und Apparaturen f\u00fcr Nordamerika 2014\u201d<\/strong>\u00a0wurde mit einer au\u00dferordentlichen Teilnahme von \u00fcber 500 Personen abgeschlossen. In der sch\u00f6nen Stadt Bardolino, am Gardasee in Italien organisierten wir zwei intensive Tage, den 4. und 5. November, die nicht nur der Innovation, technischen Standards, sondern auch rechtlichen Fragen, wie Export gewidmet waren.<\/p>\n<p>Die Vormittagssitzungen wurden dem National Electrical Code 2014 gewidmet. Die News wurden von der NFPA 79 Ausgabe 2015 ausgetragen und viele andere Themen rund um die Verantwortung der Vertragskonformit\u00e4t sind besprochen worden.<\/p>\n<p>W\u00e4hrend der vier Workshops am Nachmittag, analysierten wir bestimmte Themen mit praktischen Beispielen, den Teilnehmern haben wir jedoch die M\u00f6glichkeit gelassen, n\u00e4here Auskunft in Bezug auf bestimmte Situationen in der Planung und Installation von Maschinen und Anlagen anzufragen. Am Ende erhielten 40 gl\u00fcckliche Teilnehmer ein kostenloses Exemplar der neuen Ausgabe 2015 von NFPA 79 \u201cIndustrial Machinery\u201d.<\/p>\n\t\t\t\t\t<\/div>\n\t\t\t\t\t\t<\/div>\n\t\t\t\t<\/div>\n\t\t\t\t<div class=\"elementor-element elementor-element-d54043a elementor-widget elementor-widget-spacer\" data-id=\"d54043a\" data-element_type=\"widget\" data-widget_type=\"spacer.default\">\n\t\t\t\t<div class=\"elementor-widget-container\">\n\t\t\t\t\t<div class=\"elementor-spacer\">\n\t\t\t<div class=\"elementor-spacer-inner\"><\/div>\n\t\t<\/div>\n\t\t\t\t<\/div>\n\t\t\t\t<\/div>\n\t\t\t\t<section class=\"elementor-section elementor-inner-section elementor-element elementor-element-7ad2784 elementor-section-boxed elementor-section-height-default elementor-section-height-default default-style\" data-id=\"7ad2784\" data-element_type=\"section\" data-settings=\"{&quot;rt_color_sets&quot;:&quot;default-style&quot;}\">\n\t\t\t\t\t\t<div class=\"elementor-container elementor-column-gap-default\">\n\t\t\t\t\t\t\t<div class=\"elementor-row\">\n\t\t\t\t\t<div class=\"elementor-column elementor-col-33 elementor-inner-column elementor-element elementor-element-ff7ab9d\" data-id=\"ff7ab9d\" data-element_type=\"column\">\n\t\t\t<div class=\"elementor-column-wrap\">\n\t\t\t\t\t\t\t<div class=\"elementor-widget-wrap\">\n\t\t\t\t\t\t\t\t<\/div>\n\t\t\t\t\t<\/div>\n\t\t<\/div>\n\t\t\t\t<div class=\"elementor-column elementor-col-33 elementor-inner-column elementor-element elementor-element-35c0ddf\" data-id=\"35c0ddf\" data-element_type=\"column\">\n\t\t\t<div class=\"elementor-column-wrap elementor-element-populated\">\n\t\t\t\t\t\t\t<div class=\"elementor-widget-wrap\">\n\t\t\t\t\t\t<div class=\"elementor-element elementor-element-b210e34 elementor-arrows-position-inside elementor-pagination-position-outside elementor-widget elementor-widget-image-carousel\" data-id=\"b210e34\" data-element_type=\"widget\" data-settings=\"{&quot;slides_to_show&quot;:&quot;1&quot;,&quot;navigation&quot;:&quot;both&quot;,&quot;autoplay&quot;:&quot;yes&quot;,&quot;pause_on_hover&quot;:&quot;yes&quot;,&quot;pause_on_interaction&quot;:&quot;yes&quot;,&quot;autoplay_speed&quot;:5000,&quot;infinite&quot;:&quot;yes&quot;,&quot;effect&quot;:&quot;slide&quot;,&quot;speed&quot;:500}\" data-widget_type=\"image-carousel.default\">\n\t\t\t\t<div class=\"elementor-widget-container\">\n\t\t\t\t\t<div class=\"elementor-image-carousel-wrapper swiper-container\" dir=\"ltr\">\n\t\t\t<div class=\"elementor-image-carousel swiper-wrapper swiper-image-stretch\">\n\t\t\t\t\t\t\t\t<div class=\"swiper-slide\"><a data-elementor-open-lightbox=\"yes\" data-elementor-lightbox-slideshow=\"b210e34\" data-elementor-lightbox-title=\"Convegno_2014-Esposizione1\" href=\"https:\/\/www.tekima.com\/wp-content\/uploads\/2019\/05\/Convegno_2014-Esposizione1.jpg\"><figure class=\"swiper-slide-inner\"><img decoding=\"async\" class=\"swiper-slide-image\" src=\"https:\/\/www.tekima.com\/wp-content\/uploads\/2019\/05\/Convegno_2014-Esposizione1.jpg\" alt=\"Convegno_2014-Esposizione1\" \/><\/figure><\/a><\/div><div class=\"swiper-slide\"><a data-elementor-open-lightbox=\"yes\" data-elementor-lightbox-slideshow=\"b210e34\" data-elementor-lightbox-title=\"Convegno_2014-Esposizione2\" href=\"https:\/\/www.tekima.com\/wp-content\/uploads\/2019\/05\/Convegno_2014-Esposizione2.jpg\"><figure class=\"swiper-slide-inner\"><img decoding=\"async\" class=\"swiper-slide-image\" src=\"https:\/\/www.tekima.com\/wp-content\/uploads\/2019\/05\/Convegno_2014-Esposizione2.jpg\" alt=\"Convegno_2014-Esposizione2\" \/><\/figure><\/a><\/div><div class=\"swiper-slide\"><a data-elementor-open-lightbox=\"yes\" data-elementor-lightbox-slideshow=\"b210e34\" data-elementor-lightbox-title=\"Convegno_2014-Esposizione3\" href=\"https:\/\/www.tekima.com\/wp-content\/uploads\/2019\/05\/Convegno_2014-Esposizione3.jpg\"><figure class=\"swiper-slide-inner\"><img decoding=\"async\" class=\"swiper-slide-image\" src=\"https:\/\/www.tekima.com\/wp-content\/uploads\/2019\/05\/Convegno_2014-Esposizione3.jpg\" alt=\"Convegno_2014-Esposizione3\" \/><\/figure><\/a><\/div>\t\t\t<\/div>\n\t\t\t\t\t\t\t\t\t\t\t\t<div class=\"swiper-pagination\"><\/div>\n\t\t\t\t\t\t\t\t\t\t\t\t\t<div class=\"elementor-swiper-button elementor-swiper-button-prev\">\n\t\t\t\t\t\t<i aria-hidden=\"true\" class=\"eicon-chevron-left\"><\/i>\t\t\t\t\t\t<span class=\"elementor-screen-only\">Zur\u00fcck<\/span>\n\t\t\t\t\t<\/div>\n\t\t\t\t\t<div class=\"elementor-swiper-button elementor-swiper-button-next\">\n\t\t\t\t\t\t<i aria-hidden=\"true\" class=\"eicon-chevron-right\"><\/i>\t\t\t\t\t\t<span class=\"elementor-screen-only\">Weiter<\/span>\n\t\t\t\t\t<\/div>\n\t\t\t\t\t\t\t\t\t<\/div>\n\t\t\t\t<\/div>\n\t\t\t\t<\/div>\n\t\t\t\t\t\t<\/div>\n\t\t\t\t\t<\/div>\n\t\t<\/div>\n\t\t\t\t<div class=\"elementor-column elementor-col-33 elementor-inner-column elementor-element elementor-element-b8eb921\" data-id=\"b8eb921\" data-element_type=\"column\">\n\t\t\t<div class=\"elementor-column-wrap\">\n\t\t\t\t\t\t\t<div class=\"elementor-widget-wrap\">\n\t\t\t\t\t\t\t\t<\/div>\n\t\t\t\t\t<\/div>\n\t\t<\/div>\n\t\t\t\t\t\t\t\t<\/div>\n\t\t\t\t\t<\/div>\n\t\t<\/section>\n\t\t\t\t\t\t<\/div>\n\t\t\t\t\t<\/div>\n\t\t<\/div>\n\t\t\t\t\t\t\t\t<\/div>\n\t\t\t\t\t<\/div>\n\t\t<\/section>\n\t\t\t\t\t\t<\/div>\n\t\t\t\t\t\t<\/div>\n\t\t\t\t\t<\/div>\n\t\t","protected":false},"excerpt":{"rendered":"<p>Die Konferenz zum Thema&nbsp;\u201cMaschinen und Apparaturen f\u00fcr Nordamerika 2014\u201d&nbsp;wurde mit einer au\u00dferordentlichen Teilnahme von \u00fcber 500 Personen abgeschlossen. In der sch\u00f6nen Stadt Bardolino, am Gardasee in Italien organisierten wir zwei intensive Tage, den 4. und 5. November, die nicht nur der Innovation, technischen Standards, sondern auch rechtlichen Fragen, wie Export gewidmet waren. Die Vormittagssitzungen wurden [&hellip;]<\/p>\n","protected":false},"author":1,"featured_media":7049,"comment_status":"open","ping_status":"open","sticky":false,"template":"","format":"standard","meta":{"kia_subtitle":"","footnotes":""},"categories":[73],"tags":[],"class_list":["post-8355","post","type-post","status-publish","format-standard","has-post-thumbnail","hentry","category-news-de"],"yoast_head":"<!-- This site is optimized with the Yoast SEO plugin v21.7 - https:\/\/yoast.com\/wordpress\/plugins\/seo\/ -->\n<title>Maschinen und Apparaturen f\u00fcr Nordamerika im Jahre 2014 - Tekima<\/title>\n<meta name=\"robots\" content=\"index, follow, max-snippet:-1, max-image-preview:large, max-video-preview:-1\" \/>\n<link rel=\"canonical\" href=\"https:\/\/www.tekima.com\/de\/maschinen-und-apparaturen-fur-nordamerika-im-jahre-2014\/\" \/>\n<meta property=\"og:locale\" content=\"de_DE\" \/>\n<meta property=\"og:type\" content=\"article\" \/>\n<meta property=\"og:title\" content=\"Maschinen und Apparaturen f\u00fcr Nordamerika im Jahre 2014 - Tekima\" \/>\n<meta property=\"og:description\" content=\"Die Konferenz zum Thema&nbsp;\u201cMaschinen und Apparaturen f\u00fcr Nordamerika 2014\u201d&nbsp;wurde mit einer au\u00dferordentlichen Teilnahme von \u00fcber 500 Personen abgeschlossen. In der sch\u00f6nen Stadt Bardolino, am Gardasee in Italien organisierten wir zwei intensive Tage, den 4. und 5. November, die nicht nur der Innovation, technischen Standards, sondern auch rechtlichen Fragen, wie Export gewidmet waren. Die Vormittagssitzungen wurden [&hellip;]\" \/>\n<meta property=\"og:url\" content=\"https:\/\/www.tekima.com\/de\/maschinen-und-apparaturen-fur-nordamerika-im-jahre-2014\/\" \/>\n<meta property=\"og:site_name\" content=\"Tekima\" \/>\n<meta property=\"article:publisher\" content=\"https:\/\/www.facebook.com\/tekima.it\" \/>\n<meta property=\"article:published_time\" content=\"2014-11-08T08:48:11+00:00\" \/>\n<meta property=\"article:modified_time\" content=\"2019-05-17T08:49:39+00:00\" \/>\n<meta property=\"og:image\" content=\"https:\/\/www.tekima.com\/wp-content\/uploads\/2014\/11\/Convegno_2014-Panoramica.jpg\" \/>\n\t<meta property=\"og:image:width\" content=\"2000\" \/>\n\t<meta property=\"og:image:height\" content=\"818\" \/>\n\t<meta property=\"og:image:type\" content=\"image\/jpeg\" \/>\n<meta name=\"author\" content=\"admin\" \/>\n<meta name=\"twitter:card\" content=\"summary_large_image\" \/>\n<meta name=\"twitter:label1\" content=\"Verfasst von\" \/>\n\t<meta name=\"twitter:data1\" content=\"admin\" \/>\n\t<meta name=\"twitter:label2\" content=\"Gesch\u00e4tzte Lesezeit\" \/>\n\t<meta name=\"twitter:data2\" content=\"1\u00a0Minute\" \/>\n<script type=\"application\/ld+json\" class=\"yoast-schema-graph\">{\"@context\":\"https:\/\/schema.org\",\"@graph\":[{\"@type\":\"Article\",\"@id\":\"https:\/\/www.tekima.com\/de\/maschinen-und-apparaturen-fur-nordamerika-im-jahre-2014\/#article\",\"isPartOf\":{\"@id\":\"https:\/\/www.tekima.com\/de\/maschinen-und-apparaturen-fur-nordamerika-im-jahre-2014\/\"},\"author\":{\"name\":\"admin\",\"@id\":\"https:\/\/www.tekima.com\/#\/schema\/person\/80003a9c67286bc06c6a132900ca8e79\"},\"headline\":\"Maschinen und Apparaturen f\u00fcr Nordamerika im Jahre 2014\",\"datePublished\":\"2014-11-08T08:48:11+00:00\",\"dateModified\":\"2019-05-17T08:49:39+00:00\",\"mainEntityOfPage\":{\"@id\":\"https:\/\/www.tekima.com\/de\/maschinen-und-apparaturen-fur-nordamerika-im-jahre-2014\/\"},\"wordCount\":150,\"commentCount\":0,\"publisher\":{\"@id\":\"https:\/\/www.tekima.com\/#organization\"},\"articleSection\":[\"News\"],\"inLanguage\":\"de\",\"potentialAction\":[{\"@type\":\"CommentAction\",\"name\":\"Comment\",\"target\":[\"https:\/\/www.tekima.com\/de\/maschinen-und-apparaturen-fur-nordamerika-im-jahre-2014\/#respond\"]}]},{\"@type\":\"WebPage\",\"@id\":\"https:\/\/www.tekima.com\/de\/maschinen-und-apparaturen-fur-nordamerika-im-jahre-2014\/\",\"url\":\"https:\/\/www.tekima.com\/de\/maschinen-und-apparaturen-fur-nordamerika-im-jahre-2014\/\",\"name\":\"Maschinen und Apparaturen f\u00fcr Nordamerika im Jahre 2014 - Tekima\",\"isPartOf\":{\"@id\":\"https:\/\/www.tekima.com\/#website\"},\"datePublished\":\"2014-11-08T08:48:11+00:00\",\"dateModified\":\"2019-05-17T08:49:39+00:00\",\"breadcrumb\":{\"@id\":\"https:\/\/www.tekima.com\/de\/maschinen-und-apparaturen-fur-nordamerika-im-jahre-2014\/#breadcrumb\"},\"inLanguage\":\"de\",\"potentialAction\":[{\"@type\":\"ReadAction\",\"target\":[\"https:\/\/www.tekima.com\/de\/maschinen-und-apparaturen-fur-nordamerika-im-jahre-2014\/\"]}]},{\"@type\":\"BreadcrumbList\",\"@id\":\"https:\/\/www.tekima.com\/de\/maschinen-und-apparaturen-fur-nordamerika-im-jahre-2014\/#breadcrumb\",\"itemListElement\":[{\"@type\":\"ListItem\",\"position\":1,\"name\":\"Home\",\"item\":\"https:\/\/www.tekima.com\/\"},{\"@type\":\"ListItem\",\"position\":2,\"name\":\"Maschinen und Apparaturen f\u00fcr Nordamerika im Jahre 2014\"}]},{\"@type\":\"WebSite\",\"@id\":\"https:\/\/www.tekima.com\/#website\",\"url\":\"https:\/\/www.tekima.com\/\",\"name\":\"Tekima\",\"description\":\"\",\"publisher\":{\"@id\":\"https:\/\/www.tekima.com\/#organization\"},\"potentialAction\":[{\"@type\":\"SearchAction\",\"target\":{\"@type\":\"EntryPoint\",\"urlTemplate\":\"https:\/\/www.tekima.com\/?s={search_term_string}\"},\"query-input\":\"required name=search_term_string\"}],\"inLanguage\":\"de\"},{\"@type\":\"Organization\",\"@id\":\"https:\/\/www.tekima.com\/#organization\",\"name\":\"Tekima\",\"url\":\"https:\/\/www.tekima.com\/\",\"logo\":{\"@type\":\"ImageObject\",\"inLanguage\":\"de\",\"@id\":\"https:\/\/www.tekima.com\/#\/schema\/logo\/image\/\",\"url\":\"https:\/\/www.tekima.com\/wp-content\/uploads\/2019\/05\/logo400.png\",\"contentUrl\":\"https:\/\/www.tekima.com\/wp-content\/uploads\/2019\/05\/logo400.png\",\"width\":450,\"height\":94,\"caption\":\"Tekima\"},\"image\":{\"@id\":\"https:\/\/www.tekima.com\/#\/schema\/logo\/image\/\"},\"sameAs\":[\"https:\/\/www.facebook.com\/tekima.it\",\"https:\/\/www.linkedin.com\/company\/tekima\/\",\"https:\/\/www.youtube.com\/channel\/UC_coJiEqsdOHUGSsrNKRBZQ\"]},{\"@type\":\"Person\",\"@id\":\"https:\/\/www.tekima.com\/#\/schema\/person\/80003a9c67286bc06c6a132900ca8e79\",\"name\":\"admin\",\"url\":\"https:\/\/www.tekima.com\/de\/author\/admin\/\"}]}<\/script>\n<!-- \/ Yoast SEO plugin. -->","yoast_head_json":{"title":"Maschinen und Apparaturen f\u00fcr Nordamerika im Jahre 2014 - Tekima","robots":{"index":"index","follow":"follow","max-snippet":"max-snippet:-1","max-image-preview":"max-image-preview:large","max-video-preview":"max-video-preview:-1"},"canonical":"https:\/\/www.tekima.com\/de\/maschinen-und-apparaturen-fur-nordamerika-im-jahre-2014\/","og_locale":"de_DE","og_type":"article","og_title":"Maschinen und Apparaturen f\u00fcr Nordamerika im Jahre 2014 - Tekima","og_description":"Die Konferenz zum Thema&nbsp;\u201cMaschinen und Apparaturen f\u00fcr Nordamerika 2014\u201d&nbsp;wurde mit einer au\u00dferordentlichen Teilnahme von \u00fcber 500 Personen abgeschlossen. In der sch\u00f6nen Stadt Bardolino, am Gardasee in Italien organisierten wir zwei intensive Tage, den 4. und 5. November, die nicht nur der Innovation, technischen Standards, sondern auch rechtlichen Fragen, wie Export gewidmet waren. Die Vormittagssitzungen wurden [&hellip;]","og_url":"https:\/\/www.tekima.com\/de\/maschinen-und-apparaturen-fur-nordamerika-im-jahre-2014\/","og_site_name":"Tekima","article_publisher":"https:\/\/www.facebook.com\/tekima.it","article_published_time":"2014-11-08T08:48:11+00:00","article_modified_time":"2019-05-17T08:49:39+00:00","og_image":[{"width":2000,"height":818,"url":"https:\/\/www.tekima.com\/wp-content\/uploads\/2014\/11\/Convegno_2014-Panoramica.jpg","type":"image\/jpeg"}],"author":"admin","twitter_card":"summary_large_image","twitter_misc":{"Verfasst von":"admin","Gesch\u00e4tzte Lesezeit":"1\u00a0Minute"},"schema":{"@context":"https:\/\/schema.org","@graph":[{"@type":"Article","@id":"https:\/\/www.tekima.com\/de\/maschinen-und-apparaturen-fur-nordamerika-im-jahre-2014\/#article","isPartOf":{"@id":"https:\/\/www.tekima.com\/de\/maschinen-und-apparaturen-fur-nordamerika-im-jahre-2014\/"},"author":{"name":"admin","@id":"https:\/\/www.tekima.com\/#\/schema\/person\/80003a9c67286bc06c6a132900ca8e79"},"headline":"Maschinen und Apparaturen f\u00fcr Nordamerika im Jahre 2014","datePublished":"2014-11-08T08:48:11+00:00","dateModified":"2019-05-17T08:49:39+00:00","mainEntityOfPage":{"@id":"https:\/\/www.tekima.com\/de\/maschinen-und-apparaturen-fur-nordamerika-im-jahre-2014\/"},"wordCount":150,"commentCount":0,"publisher":{"@id":"https:\/\/www.tekima.com\/#organization"},"articleSection":["News"],"inLanguage":"de","potentialAction":[{"@type":"CommentAction","name":"Comment","target":["https:\/\/www.tekima.com\/de\/maschinen-und-apparaturen-fur-nordamerika-im-jahre-2014\/#respond"]}]},{"@type":"WebPage","@id":"https:\/\/www.tekima.com\/de\/maschinen-und-apparaturen-fur-nordamerika-im-jahre-2014\/","url":"https:\/\/www.tekima.com\/de\/maschinen-und-apparaturen-fur-nordamerika-im-jahre-2014\/","name":"Maschinen und Apparaturen f\u00fcr Nordamerika im Jahre 2014 - Tekima","isPartOf":{"@id":"https:\/\/www.tekima.com\/#website"},"datePublished":"2014-11-08T08:48:11+00:00","dateModified":"2019-05-17T08:49:39+00:00","breadcrumb":{"@id":"https:\/\/www.tekima.com\/de\/maschinen-und-apparaturen-fur-nordamerika-im-jahre-2014\/#breadcrumb"},"inLanguage":"de","potentialAction":[{"@type":"ReadAction","target":["https:\/\/www.tekima.com\/de\/maschinen-und-apparaturen-fur-nordamerika-im-jahre-2014\/"]}]},{"@type":"BreadcrumbList","@id":"https:\/\/www.tekima.com\/de\/maschinen-und-apparaturen-fur-nordamerika-im-jahre-2014\/#breadcrumb","itemListElement":[{"@type":"ListItem","position":1,"name":"Home","item":"https:\/\/www.tekima.com\/"},{"@type":"ListItem","position":2,"name":"Maschinen und Apparaturen f\u00fcr Nordamerika im Jahre 2014"}]},{"@type":"WebSite","@id":"https:\/\/www.tekima.com\/#website","url":"https:\/\/www.tekima.com\/","name":"Tekima","description":"","publisher":{"@id":"https:\/\/www.tekima.com\/#organization"},"potentialAction":[{"@type":"SearchAction","target":{"@type":"EntryPoint","urlTemplate":"https:\/\/www.tekima.com\/?s={search_term_string}"},"query-input":"required name=search_term_string"}],"inLanguage":"de"},{"@type":"Organization","@id":"https:\/\/www.tekima.com\/#organization","name":"Tekima","url":"https:\/\/www.tekima.com\/","logo":{"@type":"ImageObject","inLanguage":"de","@id":"https:\/\/www.tekima.com\/#\/schema\/logo\/image\/","url":"https:\/\/www.tekima.com\/wp-content\/uploads\/2019\/05\/logo400.png","contentUrl":"https:\/\/www.tekima.com\/wp-content\/uploads\/2019\/05\/logo400.png","width":450,"height":94,"caption":"Tekima"},"image":{"@id":"https:\/\/www.tekima.com\/#\/schema\/logo\/image\/"},"sameAs":["https:\/\/www.facebook.com\/tekima.it","https:\/\/www.linkedin.com\/company\/tekima\/","https:\/\/www.youtube.com\/channel\/UC_coJiEqsdOHUGSsrNKRBZQ"]},{"@type":"Person","@id":"https:\/\/www.tekima.com\/#\/schema\/person\/80003a9c67286bc06c6a132900ca8e79","name":"admin","url":"https:\/\/www.tekima.com\/de\/author\/admin\/"}]}},"_links":{"self":[{"href":"https:\/\/www.tekima.com\/de\/wp-json\/wp\/v2\/posts\/8355"}],"collection":[{"href":"https:\/\/www.tekima.com\/de\/wp-json\/wp\/v2\/posts"}],"about":[{"href":"https:\/\/www.tekima.com\/de\/wp-json\/wp\/v2\/types\/post"}],"author":[{"embeddable":true,"href":"https:\/\/www.tekima.com\/de\/wp-json\/wp\/v2\/users\/1"}],"replies":[{"embeddable":true,"href":"https:\/\/www.tekima.com\/de\/wp-json\/wp\/v2\/comments?post=8355"}],"version-history":[{"count":2,"href":"https:\/\/www.tekima.com\/de\/wp-json\/wp\/v2\/posts\/8355\/revisions"}],"predecessor-version":[{"id":8357,"href":"https:\/\/www.tekima.com\/de\/wp-json\/wp\/v2\/posts\/8355\/revisions\/8357"}],"wp:featuredmedia":[{"embeddable":true,"href":"https:\/\/www.tekima.com\/de\/wp-json\/wp\/v2\/media\/7049"}],"wp:attachment":[{"href":"https:\/\/www.tekima.com\/de\/wp-json\/wp\/v2\/media?parent=8355"}],"wp:term":[{"taxonomy":"category","embeddable":true,"href":"https:\/\/www.tekima.com\/de\/wp-json\/wp\/v2\/categories?post=8355"},{"taxonomy":"post_tag","embeddable":true,"href":"https:\/\/www.tekima.com\/de\/wp-json\/wp\/v2\/tags?post=8355"}],"curies":[{"name":"wp","href":"https:\/\/api.w.org\/{rel}","templated":true}]}}