{"id":8361,"date":"2014-06-02T08:59:43","date_gmt":"2014-06-02T08:59:43","guid":{"rendered":"https:\/\/www.tekima.com\/maschinen-und-apparaturen-fur-nordamerika-im-jahre-2014-2\/"},"modified":"2019-05-17T09:03:03","modified_gmt":"2019-05-17T09:03:03","slug":"maschinen-und-apparaturen-fur-nordamerika-im-jahre-2014-2","status":"publish","type":"post","link":"https:\/\/www.tekima.com\/de\/maschinen-und-apparaturen-fur-nordamerika-im-jahre-2014-2\/","title":{"rendered":"Maschinen und Apparaturen f\u00fcr Nordamerika im Jahre 2014"},"content":{"rendered":"\n<p>Angesichts des Erfolgs des letzten Jahres, (4. und 5. November 2014), werden wir ein aufregendes, neues technisches Meeting organisieren, und wir werden die neuesten News in Bezug auf Standards, Design-Anforderungen, Sicherheit und Produkte f\u00fcr industrielle Maschinen und Apparaturen f\u00fcr Nordamerika pr\u00e4sentieren. Es wird die neue Ausgabe der NFPA 79 Ed 2015 \u201cIndustrial Machinery\u201d vorgestellt, welche die technische \u00dcbereinstimmung der Ger\u00e4te und die rechtlichen Aspekte im Zusammenhang mit der Lieferung von Vertr\u00e4gen pr\u00e4sentiert. Auch in diesem Jahr wird die Nachmittagssitzung mit einer Reihe an Workshops organsiert, und somit k\u00f6nnen Sie die Themen, die in der Vormittagssitzung besprochen wurden, analysieren.<\/p>\n\n\n\n<p><a href=\"https:\/\/www.tekima.com\/wp-content\/uploads\/2019\/05\/Seminario_LagoDiGarda_2014.pdf\">Laden Sie sich hier den Flyer herunter (nur auf Italienisch erh\u00e4ltlich)<\/a><\/p>\n","protected":false},"excerpt":{"rendered":"<p>Angesichts des Erfolgs des letzten Jahres, (4. und 5. November 2014), werden wir ein aufregendes, neues technisches Meeting organisieren, und wir werden die neuesten News in Bezug auf Standards, Design-Anforderungen, Sicherheit und Produkte f\u00fcr industrielle Maschinen und Apparaturen f\u00fcr Nordamerika pr\u00e4sentieren. Es wird die neue Ausgabe der NFPA 79 Ed 2015 \u201cIndustrial Machinery\u201d vorgestellt, welche [&hellip;]<\/p>\n","protected":false},"author":1,"featured_media":7031,"comment_status":"open","ping_status":"open","sticky":false,"template":"","format":"standard","meta":{"kia_subtitle":"","footnotes":""},"categories":[73],"tags":[],"class_list":["post-8361","post","type-post","status-publish","format-standard","has-post-thumbnail","hentry","category-news-de"],"yoast_head":"<!-- This site is optimized with the Yoast SEO plugin v21.7 - https:\/\/yoast.com\/wordpress\/plugins\/seo\/ -->\n<title>Maschinen und Apparaturen f\u00fcr Nordamerika im Jahre 2014 - Tekima<\/title>\n<meta name=\"robots\" content=\"index, follow, max-snippet:-1, max-image-preview:large, max-video-preview:-1\" \/>\n<link rel=\"canonical\" href=\"https:\/\/www.tekima.com\/de\/maschinen-und-apparaturen-fur-nordamerika-im-jahre-2014-2\/\" \/>\n<meta property=\"og:locale\" content=\"de_DE\" \/>\n<meta property=\"og:type\" content=\"article\" \/>\n<meta property=\"og:title\" content=\"Maschinen und Apparaturen f\u00fcr Nordamerika im Jahre 2014 - Tekima\" \/>\n<meta property=\"og:description\" content=\"Angesichts des Erfolgs des letzten Jahres, (4. und 5. November 2014), werden wir ein aufregendes, neues technisches Meeting organisieren, und wir werden die neuesten News in Bezug auf Standards, Design-Anforderungen, Sicherheit und Produkte f\u00fcr industrielle Maschinen und Apparaturen f\u00fcr Nordamerika pr\u00e4sentieren. Es wird die neue Ausgabe der NFPA 79 Ed 2015 \u201cIndustrial Machinery\u201d vorgestellt, welche [&hellip;]\" \/>\n<meta property=\"og:url\" content=\"https:\/\/www.tekima.com\/de\/maschinen-und-apparaturen-fur-nordamerika-im-jahre-2014-2\/\" \/>\n<meta property=\"og:site_name\" content=\"Tekima\" \/>\n<meta property=\"article:publisher\" content=\"https:\/\/www.facebook.com\/tekima.it\" \/>\n<meta property=\"article:published_time\" content=\"2014-06-02T08:59:43+00:00\" \/>\n<meta property=\"article:modified_time\" content=\"2019-05-17T09:03:03+00:00\" \/>\n<meta property=\"og:image\" content=\"https:\/\/www.tekima.com\/wp-content\/uploads\/2019\/05\/convegno_2014_Mini1.jpg\" \/>\n\t<meta property=\"og:image:width\" content=\"363\" \/>\n\t<meta property=\"og:image:height\" content=\"273\" \/>\n\t<meta property=\"og:image:type\" content=\"image\/jpeg\" \/>\n<meta name=\"author\" content=\"admin\" \/>\n<meta name=\"twitter:card\" content=\"summary_large_image\" \/>\n<meta name=\"twitter:label1\" content=\"Verfasst von\" \/>\n\t<meta name=\"twitter:data1\" content=\"admin\" \/>\n\t<meta name=\"twitter:label2\" content=\"Gesch\u00e4tzte Lesezeit\" \/>\n\t<meta name=\"twitter:data2\" content=\"1\u00a0Minute\" \/>\n<script type=\"application\/ld+json\" class=\"yoast-schema-graph\">{\"@context\":\"https:\/\/schema.org\",\"@graph\":[{\"@type\":\"Article\",\"@id\":\"https:\/\/www.tekima.com\/de\/maschinen-und-apparaturen-fur-nordamerika-im-jahre-2014-2\/#article\",\"isPartOf\":{\"@id\":\"https:\/\/www.tekima.com\/de\/maschinen-und-apparaturen-fur-nordamerika-im-jahre-2014-2\/\"},\"author\":{\"name\":\"admin\",\"@id\":\"https:\/\/www.tekima.com\/#\/schema\/person\/80003a9c67286bc06c6a132900ca8e79\"},\"headline\":\"Maschinen und Apparaturen f\u00fcr Nordamerika im Jahre 2014\",\"datePublished\":\"2014-06-02T08:59:43+00:00\",\"dateModified\":\"2019-05-17T09:03:03+00:00\",\"mainEntityOfPage\":{\"@id\":\"https:\/\/www.tekima.com\/de\/maschinen-und-apparaturen-fur-nordamerika-im-jahre-2014-2\/\"},\"wordCount\":120,\"commentCount\":0,\"publisher\":{\"@id\":\"https:\/\/www.tekima.com\/#organization\"},\"articleSection\":[\"News\"],\"inLanguage\":\"de\",\"potentialAction\":[{\"@type\":\"CommentAction\",\"name\":\"Comment\",\"target\":[\"https:\/\/www.tekima.com\/de\/maschinen-und-apparaturen-fur-nordamerika-im-jahre-2014-2\/#respond\"]}]},{\"@type\":\"WebPage\",\"@id\":\"https:\/\/www.tekima.com\/de\/maschinen-und-apparaturen-fur-nordamerika-im-jahre-2014-2\/\",\"url\":\"https:\/\/www.tekima.com\/de\/maschinen-und-apparaturen-fur-nordamerika-im-jahre-2014-2\/\",\"name\":\"Maschinen und Apparaturen f\u00fcr Nordamerika im Jahre 2014 - Tekima\",\"isPartOf\":{\"@id\":\"https:\/\/www.tekima.com\/#website\"},\"datePublished\":\"2014-06-02T08:59:43+00:00\",\"dateModified\":\"2019-05-17T09:03:03+00:00\",\"breadcrumb\":{\"@id\":\"https:\/\/www.tekima.com\/de\/maschinen-und-apparaturen-fur-nordamerika-im-jahre-2014-2\/#breadcrumb\"},\"inLanguage\":\"de\",\"potentialAction\":[{\"@type\":\"ReadAction\",\"target\":[\"https:\/\/www.tekima.com\/de\/maschinen-und-apparaturen-fur-nordamerika-im-jahre-2014-2\/\"]}]},{\"@type\":\"BreadcrumbList\",\"@id\":\"https:\/\/www.tekima.com\/de\/maschinen-und-apparaturen-fur-nordamerika-im-jahre-2014-2\/#breadcrumb\",\"itemListElement\":[{\"@type\":\"ListItem\",\"position\":1,\"name\":\"Home\",\"item\":\"https:\/\/www.tekima.com\/\"},{\"@type\":\"ListItem\",\"position\":2,\"name\":\"Maschinen und Apparaturen f\u00fcr Nordamerika im Jahre 2014\"}]},{\"@type\":\"WebSite\",\"@id\":\"https:\/\/www.tekima.com\/#website\",\"url\":\"https:\/\/www.tekima.com\/\",\"name\":\"Tekima\",\"description\":\"\",\"publisher\":{\"@id\":\"https:\/\/www.tekima.com\/#organization\"},\"potentialAction\":[{\"@type\":\"SearchAction\",\"target\":{\"@type\":\"EntryPoint\",\"urlTemplate\":\"https:\/\/www.tekima.com\/?s={search_term_string}\"},\"query-input\":\"required name=search_term_string\"}],\"inLanguage\":\"de\"},{\"@type\":\"Organization\",\"@id\":\"https:\/\/www.tekima.com\/#organization\",\"name\":\"Tekima\",\"url\":\"https:\/\/www.tekima.com\/\",\"logo\":{\"@type\":\"ImageObject\",\"inLanguage\":\"de\",\"@id\":\"https:\/\/www.tekima.com\/#\/schema\/logo\/image\/\",\"url\":\"https:\/\/www.tekima.com\/wp-content\/uploads\/2019\/05\/logo400.png\",\"contentUrl\":\"https:\/\/www.tekima.com\/wp-content\/uploads\/2019\/05\/logo400.png\",\"width\":450,\"height\":94,\"caption\":\"Tekima\"},\"image\":{\"@id\":\"https:\/\/www.tekima.com\/#\/schema\/logo\/image\/\"},\"sameAs\":[\"https:\/\/www.facebook.com\/tekima.it\",\"https:\/\/www.linkedin.com\/company\/tekima\/\",\"https:\/\/www.youtube.com\/channel\/UC_coJiEqsdOHUGSsrNKRBZQ\"]},{\"@type\":\"Person\",\"@id\":\"https:\/\/www.tekima.com\/#\/schema\/person\/80003a9c67286bc06c6a132900ca8e79\",\"name\":\"admin\",\"url\":\"https:\/\/www.tekima.com\/de\/author\/admin\/\"}]}<\/script>\n<!-- \/ Yoast SEO plugin. -->","yoast_head_json":{"title":"Maschinen und Apparaturen f\u00fcr Nordamerika im Jahre 2014 - Tekima","robots":{"index":"index","follow":"follow","max-snippet":"max-snippet:-1","max-image-preview":"max-image-preview:large","max-video-preview":"max-video-preview:-1"},"canonical":"https:\/\/www.tekima.com\/de\/maschinen-und-apparaturen-fur-nordamerika-im-jahre-2014-2\/","og_locale":"de_DE","og_type":"article","og_title":"Maschinen und Apparaturen f\u00fcr Nordamerika im Jahre 2014 - Tekima","og_description":"Angesichts des Erfolgs des letzten Jahres, (4. und 5. November 2014), werden wir ein aufregendes, neues technisches Meeting organisieren, und wir werden die neuesten News in Bezug auf Standards, Design-Anforderungen, Sicherheit und Produkte f\u00fcr industrielle Maschinen und Apparaturen f\u00fcr Nordamerika pr\u00e4sentieren. Es wird die neue Ausgabe der NFPA 79 Ed 2015 \u201cIndustrial Machinery\u201d vorgestellt, welche [&hellip;]","og_url":"https:\/\/www.tekima.com\/de\/maschinen-und-apparaturen-fur-nordamerika-im-jahre-2014-2\/","og_site_name":"Tekima","article_publisher":"https:\/\/www.facebook.com\/tekima.it","article_published_time":"2014-06-02T08:59:43+00:00","article_modified_time":"2019-05-17T09:03:03+00:00","og_image":[{"width":363,"height":273,"url":"https:\/\/www.tekima.com\/wp-content\/uploads\/2019\/05\/convegno_2014_Mini1.jpg","type":"image\/jpeg"}],"author":"admin","twitter_card":"summary_large_image","twitter_misc":{"Verfasst von":"admin","Gesch\u00e4tzte Lesezeit":"1\u00a0Minute"},"schema":{"@context":"https:\/\/schema.org","@graph":[{"@type":"Article","@id":"https:\/\/www.tekima.com\/de\/maschinen-und-apparaturen-fur-nordamerika-im-jahre-2014-2\/#article","isPartOf":{"@id":"https:\/\/www.tekima.com\/de\/maschinen-und-apparaturen-fur-nordamerika-im-jahre-2014-2\/"},"author":{"name":"admin","@id":"https:\/\/www.tekima.com\/#\/schema\/person\/80003a9c67286bc06c6a132900ca8e79"},"headline":"Maschinen und Apparaturen f\u00fcr Nordamerika im Jahre 2014","datePublished":"2014-06-02T08:59:43+00:00","dateModified":"2019-05-17T09:03:03+00:00","mainEntityOfPage":{"@id":"https:\/\/www.tekima.com\/de\/maschinen-und-apparaturen-fur-nordamerika-im-jahre-2014-2\/"},"wordCount":120,"commentCount":0,"publisher":{"@id":"https:\/\/www.tekima.com\/#organization"},"articleSection":["News"],"inLanguage":"de","potentialAction":[{"@type":"CommentAction","name":"Comment","target":["https:\/\/www.tekima.com\/de\/maschinen-und-apparaturen-fur-nordamerika-im-jahre-2014-2\/#respond"]}]},{"@type":"WebPage","@id":"https:\/\/www.tekima.com\/de\/maschinen-und-apparaturen-fur-nordamerika-im-jahre-2014-2\/","url":"https:\/\/www.tekima.com\/de\/maschinen-und-apparaturen-fur-nordamerika-im-jahre-2014-2\/","name":"Maschinen und Apparaturen f\u00fcr Nordamerika im Jahre 2014 - Tekima","isPartOf":{"@id":"https:\/\/www.tekima.com\/#website"},"datePublished":"2014-06-02T08:59:43+00:00","dateModified":"2019-05-17T09:03:03+00:00","breadcrumb":{"@id":"https:\/\/www.tekima.com\/de\/maschinen-und-apparaturen-fur-nordamerika-im-jahre-2014-2\/#breadcrumb"},"inLanguage":"de","potentialAction":[{"@type":"ReadAction","target":["https:\/\/www.tekima.com\/de\/maschinen-und-apparaturen-fur-nordamerika-im-jahre-2014-2\/"]}]},{"@type":"BreadcrumbList","@id":"https:\/\/www.tekima.com\/de\/maschinen-und-apparaturen-fur-nordamerika-im-jahre-2014-2\/#breadcrumb","itemListElement":[{"@type":"ListItem","position":1,"name":"Home","item":"https:\/\/www.tekima.com\/"},{"@type":"ListItem","position":2,"name":"Maschinen und Apparaturen f\u00fcr Nordamerika im Jahre 2014"}]},{"@type":"WebSite","@id":"https:\/\/www.tekima.com\/#website","url":"https:\/\/www.tekima.com\/","name":"Tekima","description":"","publisher":{"@id":"https:\/\/www.tekima.com\/#organization"},"potentialAction":[{"@type":"SearchAction","target":{"@type":"EntryPoint","urlTemplate":"https:\/\/www.tekima.com\/?s={search_term_string}"},"query-input":"required name=search_term_string"}],"inLanguage":"de"},{"@type":"Organization","@id":"https:\/\/www.tekima.com\/#organization","name":"Tekima","url":"https:\/\/www.tekima.com\/","logo":{"@type":"ImageObject","inLanguage":"de","@id":"https:\/\/www.tekima.com\/#\/schema\/logo\/image\/","url":"https:\/\/www.tekima.com\/wp-content\/uploads\/2019\/05\/logo400.png","contentUrl":"https:\/\/www.tekima.com\/wp-content\/uploads\/2019\/05\/logo400.png","width":450,"height":94,"caption":"Tekima"},"image":{"@id":"https:\/\/www.tekima.com\/#\/schema\/logo\/image\/"},"sameAs":["https:\/\/www.facebook.com\/tekima.it","https:\/\/www.linkedin.com\/company\/tekima\/","https:\/\/www.youtube.com\/channel\/UC_coJiEqsdOHUGSsrNKRBZQ"]},{"@type":"Person","@id":"https:\/\/www.tekima.com\/#\/schema\/person\/80003a9c67286bc06c6a132900ca8e79","name":"admin","url":"https:\/\/www.tekima.com\/de\/author\/admin\/"}]}},"_links":{"self":[{"href":"https:\/\/www.tekima.com\/de\/wp-json\/wp\/v2\/posts\/8361"}],"collection":[{"href":"https:\/\/www.tekima.com\/de\/wp-json\/wp\/v2\/posts"}],"about":[{"href":"https:\/\/www.tekima.com\/de\/wp-json\/wp\/v2\/types\/post"}],"author":[{"embeddable":true,"href":"https:\/\/www.tekima.com\/de\/wp-json\/wp\/v2\/users\/1"}],"replies":[{"embeddable":true,"href":"https:\/\/www.tekima.com\/de\/wp-json\/wp\/v2\/comments?post=8361"}],"version-history":[{"count":2,"href":"https:\/\/www.tekima.com\/de\/wp-json\/wp\/v2\/posts\/8361\/revisions"}],"predecessor-version":[{"id":8364,"href":"https:\/\/www.tekima.com\/de\/wp-json\/wp\/v2\/posts\/8361\/revisions\/8364"}],"wp:featuredmedia":[{"embeddable":true,"href":"https:\/\/www.tekima.com\/de\/wp-json\/wp\/v2\/media\/7031"}],"wp:attachment":[{"href":"https:\/\/www.tekima.com\/de\/wp-json\/wp\/v2\/media?parent=8361"}],"wp:term":[{"taxonomy":"category","embeddable":true,"href":"https:\/\/www.tekima.com\/de\/wp-json\/wp\/v2\/categories?post=8361"},{"taxonomy":"post_tag","embeddable":true,"href":"https:\/\/www.tekima.com\/de\/wp-json\/wp\/v2\/tags?post=8361"}],"curies":[{"name":"wp","href":"https:\/\/api.w.org\/{rel}","templated":true}]}}